[{"@context":"https:\/\/schema.org\/","@type":"Article","@id":"https:\/\/www.bkpnj.cz\/radost-z-prirody\/#Article","mainEntityOfPage":"https:\/\/www.bkpnj.cz\/radost-z-prirody\/","headline":"Radost z p\u0159\u00edrody","name":"Radost z p\u0159\u00edrody","description":"Taky r\u00e1di cestujete tam, kde je p\u011bkn\u011b a \u010derstv\u00fd vzduch? Je opravdu hodn\u011b lid\u00ed, kte\u0159\u00ed...","datePublished":"2023-01-06","dateModified":"2023-06-07","author":{"@type":"Person","@id":"https:\/\/www.bkpnj.cz\/author\/#Person","name":"","url":"https:\/\/www.bkpnj.cz\/author\/","identifier":1,"image":{"@type":"ImageObject","@id":"https:\/\/secure.gravatar.com\/avatar\/4e1219daed488a40aaae5f3a36d7a332441b6e7a97d465811f6633d3359f64e8?s=96&d=mm&r=g","url":"https:\/\/secure.gravatar.com\/avatar\/4e1219daed488a40aaae5f3a36d7a332441b6e7a97d465811f6633d3359f64e8?s=96&d=mm&r=g","height":96,"width":96}},"publisher":{"@type":"Organization","name":"bkpnj.cz","logo":{"@type":"ImageObject","@id":"\/logo.png","url":"\/logo.png","width":600,"height":60}},"image":{"@type":"ImageObject","@id":"https:\/\/www.bkpnj.cz\/wp-content\/uploads\/mock-orange-1365920_640.jpg","url":"https:\/\/www.bkpnj.cz\/wp-content\/uploads\/mock-orange-1365920_640.jpg","height":0,"width":0},"url":"https:\/\/www.bkpnj.cz\/radost-z-prirody\/","about":["Cestov\u00e1n\u00ed"],"wordCount":403,"articleBody":"Taky r\u00e1di cestujete tam, kde je p\u011bkn\u011b a \u010derstv\u00fd vzduch? Je opravdu hodn\u011b lid\u00ed, kte\u0159\u00ed si dop\u0159\u00e1vaj\u00ed opravdu ka\u017edoro\u010dn\u00ed cestov\u00e1n\u00ed a k tomu opravdu skv\u011blou dovolenou. Podle m\u00e9ho n\u00e1zoru je cestov\u00e1n\u00ed pro \u010dlov\u011bka opravdu hodn\u011b d\u016fle\u017eit\u00e9, proto\u017ee pr\u00e1v\u011b p\u0159i cestov\u00e1n\u00ed si \u010dlov\u011bk hodn\u011b odpo\u010dine. A hlavn\u011b si pro\u010distit hlavu. Kolikr\u00e1t jsem u\u017e sly\u0161ela, \u017ee kdy\u017e lid\u00e9 jezd\u00ed n\u011bkam na dovolenou anebo velmi \u010dasto cestuj\u00ed, tak potom tak\u00e9 jsou na tom\u00a0l\u00e9pe se stresem, \u017ee j\u00edm netrp\u00ed. A jak v\u0161ichni v\u00edme, tak stres opravdu negativn\u011b p\u016fsob\u00ed na lidsk\u00fd organismus a tak\u00e9 hlavn\u011b na psychiku. Tohle zn\u00e1m sama od sebe. Vzpom\u00edn\u00e1m si, kdy\u017e jsem pracovala v pr\u00e1ci. To byla ta pr\u00e1ce v bance, kde jsem se denn\u011b setk\u00e1vala a opravdu s mnoha lidmi a \u0159eknu v\u00e1m, \u017ee n\u011bkte\u0159\u00ed lid\u00e9 nebyli v\u016fbec p\u0159\u00edjemn\u00ed. Tak\u017ee to bylo velice takov\u00e9 nep\u0159\u00edjemn\u00e9, kdy\u017e jsem potom musela t\u0159eba odm\u00edtat n\u011bkter\u00e9 lidi, kte\u0159\u00ed u n\u00e1s v bance \u017e\u00e1dali o p\u016fj\u010dku. A byla jsem z toho potom jen \u0161\u0165astn\u00e1, proto\u017ee v\u011bt\u0161ina klient\u016f, asi patn\u00e1ct procent, potom nad\u00e1vali, \u017ee jsem neschopn\u00e1 a \u017ee jim nedok\u00e1\u017eu poskytnout p\u016fj\u010dku anebo n\u011bjak\u00fd \u00fav\u011br. Jenom\u017ee j\u00e1 za to samoz\u0159ejm\u011b nem\u016f\u017eu. A u\u017e jsem na sob\u011b poci\u0165ovala n\u011bjak\u00fd syndrom vyho\u0159en\u00ed, za kter\u00fd jsem tedy opravdu ne\u0161\u0165astn\u00e1. Pot\u0159ebovala jsem n\u011bkam vycestovat, ale nev\u011bd\u011bla jsem kam a taky jsem netu\u0161ila, jestli mi zam\u011bstnavatel d\u00e1 volno. Na\u0161t\u011bst\u00ed jsem byla opravdu mile p\u0159ekvapen\u00e1, kdy\u017e mi zam\u011bstnavatel \u0159ekl, \u017ee to na m\u011b vid\u00ed, \u017ee jsem unaven\u00e1 a \u017ee asi budu m\u00edt syndrom vyho\u0159en\u00ed, tak mi zaplatil wellness v\u00edkend v Praze. Byla jsem opravdu p\u0159ekvapen\u00e1 a moc m\u011b to pot\u011b\u0161ilo, tak\u017ee jsem vycestovala ze sv\u00e9ho rodn\u00e9ho mal\u00e9ho m\u011bsta do Prahy, kde jsem si u\u017eila opravdu perfektn\u00ed v\u00edkend. A tady jde alespo\u0148 vid\u011bt, \u017ee kdy\u017e \u010dlov\u011bk cestuje, tak se mu potom zlep\u0161\u00ed n\u00e1lada a potom je ihned sv\u011bt r\u016f\u017eov\u011bj\u0161\u00ed a v\u0161ude potom v pr\u00e1ci vyd\u00e1v\u00e1 opravdu lep\u0161\u00ed v\u00fdkony.                                                                                                                                                                                                                                                                                                                                                                                        3.7\/5 - (6 votes)        "},{"@context":"https:\/\/schema.org\/","@type":"BreadcrumbList","itemListElement":[{"@type":"ListItem","position":1,"name":"Radost z p\u0159\u00edrody","item":"https:\/\/www.bkpnj.cz\/radost-z-prirody\/#breadcrumbitem"}]}]