[{"@context":"https:\/\/schema.org\/","@type":"Article","@id":"https:\/\/www.bkpnj.cz\/mravenci-jsou-na-obtiz\/#Article","mainEntityOfPage":"https:\/\/www.bkpnj.cz\/mravenci-jsou-na-obtiz\/","headline":"Mravenci jsou na obt\u00ed\u017e","name":"Mravenci jsou na obt\u00ed\u017e","description":"Mravenci jsou \u017eiv\u00ed tvorov\u00e9, stejn\u011b jako t\u0159eba my lid\u00e9. A proto by m\u011bli m\u00edt ur\u010dit\u011b...","datePublished":"2025-02-11","dateModified":"2025-02-11","author":{"@type":"Person","@id":"https:\/\/www.bkpnj.cz\/author\/#Person","name":"","url":"https:\/\/www.bkpnj.cz\/author\/","identifier":1,"image":{"@type":"ImageObject","@id":"https:\/\/secure.gravatar.com\/avatar\/4e1219daed488a40aaae5f3a36d7a332441b6e7a97d465811f6633d3359f64e8?s=96&d=mm&r=g","url":"https:\/\/secure.gravatar.com\/avatar\/4e1219daed488a40aaae5f3a36d7a332441b6e7a97d465811f6633d3359f64e8?s=96&d=mm&r=g","height":96,"width":96}},"publisher":{"@type":"Organization","name":"bkpnj.cz","logo":{"@type":"ImageObject","@id":"\/logo.png","url":"\/logo.png","width":600,"height":60}},"image":{"@type":"ImageObject","@id":"https:\/\/www.bkpnj.cz\/wp-content\/uploads\/mm_10_9.jpg","url":"https:\/\/www.bkpnj.cz\/wp-content\/uploads\/mm_10_9.jpg","height":0,"width":0},"url":"https:\/\/www.bkpnj.cz\/mravenci-jsou-na-obtiz\/","about":["Byznys"],"wordCount":403,"articleBody":"         Mravenci jsou \u017eiv\u00ed tvorov\u00e9, stejn\u011b jako t\u0159eba my lid\u00e9. A proto by m\u011bli m\u00edt ur\u010dit\u011b tak\u00e9 pr\u00e1vo na \u017eivot. Jen\u017ee zat\u00edmco tomu tak obvykle je, n\u011bkdy je prost\u011b tak\u00e9 v\u0161echno jinak. A proto se z\u0159ejm\u011b shodneme na tom, \u017ee \u017eij\u00ed-li mravenci n\u011bkde ve voln\u00e9 p\u0159\u00edrod\u011b, nech\u00e1me je, a\u0165 si tam \u017eij\u00ed po sv\u00e9m, ale jakmile se nast\u011bhuj\u00ed do na\u0161ich p\u0159\u00edbytk\u016f, mus\u00ed po\u010d\u00edtat s t\u00edm, \u017ee takov\u00fd vstup nez\u016fstane bez odezvy. Kdy\u017e si mravenci usmysl\u00ed postavit si mraveni\u0161t\u011b v n\u011bjak\u00e9m lidsk\u00e9m objektu, jsou zaru\u010den\u011b nezvan\u00ed. N\u00e1m lidem tu z jejich strany vad\u00ed p\u0159inejmen\u0161\u00edm dv\u011b v\u011bci: \u017ee si mravenci neberou serv\u00edtky a jdou po potravin\u00e1ch, kter\u00e9 tu m\u00e1me a kter\u00e9 se n\u00e1m p\u0159ed nimi nepoda\u0159\u00ed dost kvalitn\u011b uschovat v neprokousateln\u00fdch obalech, a \u017ee n\u00e1s mohou \u010dasto i nep\u0159\u00edjemn\u011b po\u0161t\u00edpat. Ale i kdybychom to zm\u00edn\u011bn\u00e9 akceptovali, p\u0159esto doma mravence r\u00e1di nem\u00e1me. Jejich zdej\u0161\u00ed \u017eivot toti\u017e ohro\u017euje i cel\u00e9 na\u0161e stavby, proto\u017ee takov\u00ed mravenci dok\u00e1\u017eou \u010dasto rozkousat i to, z \u010deho jsou na\u0161e budovy postaveny. A \u0161kody mohou b\u00fdt nemal\u00e9 a drah\u00e9. Tak\u017ee dostanou-li se n\u00e1m mravenci tam, kde je m\u00edt nechceme, je t\u0159eba zakro\u010dit. Co\u017e znamen\u00e1, \u017ee je mus\u00edme zlikvidovat, proto\u017ee nen\u00ed zp\u016fsob, jak je p\u0159im\u011bt k dobrovoln\u00e9mu vyst\u011bhov\u00e1n\u00ed se. Jen\u017ee pochytat v\u0161echny ty mravence a zahubit je nen\u00ed ani trochu snadn\u00e9. V\u017edycky se n\u011bjak\u00fdm poda\u0159\u00ed skr\u00fdvat nebo uniknout, a na ty jsme my amat\u00e9\u0159i kr\u00e1tc\u00ed, i kdybychom pou\u017eili jak\u00fdkoliv dostupn\u00fd prost\u0159edek. A jak se jich tedy zbavit, aby n\u00e1s neobt\u011b\u017eovali? Vlastn\u011b jedin\u00fdm mo\u017en\u00fdm zp\u016fsobem. Je t\u0159eba povolat odborn\u00edky. Proto\u017ee kdy\u017e se ujmou deratizace mravenci Dezinfekceexpres tito, obt\u00ed\u017en\u00fdch n\u00e1v\u0161t\u011bvn\u00edk\u016f se zbav\u00edme. Zat\u00edmco jinak sotva. Profesion\u00e1lov\u00e9 prost\u011b v\u011bd\u00ed, jak\u00e9 prost\u0159edky pou\u017e\u00edt, jak nastra\u017eit pasti, prost\u011b co ud\u011blat, aby to mravenci nep\u0159e\u017eili. Aby u n\u00e1s nevydr\u017eeli. A v p\u0159\u00edpad\u011b, \u017ee se n\u00e1m tito zabydl\u00ed doma, mus\u00ed j\u00edt ve\u0161ker\u00fd soucit stranou.                                                                                                                                                                                                                                                                                                                                                                                          4.1\/5 - (15 votes)        "},{"@context":"https:\/\/schema.org\/","@type":"BreadcrumbList","itemListElement":[{"@type":"ListItem","position":1,"name":"Mravenci jsou na obt\u00ed\u017e","item":"https:\/\/www.bkpnj.cz\/mravenci-jsou-na-obtiz\/#breadcrumbitem"}]}]